{"id":210,"date":"2014-02-05T07:39:50","date_gmt":"2014-02-05T06:39:50","guid":{"rendered":"http:\/\/www.tintinnabule.fr\/wordpress\/?p=210"},"modified":"2014-02-05T07:39:50","modified_gmt":"2014-02-05T06:39:50","slug":"genevieve-laloy-si-la-terre","status":"publish","type":"post","link":"https:\/\/www.tintinnabule.fr\/wordpress\/?p=210","title":{"rendered":"Genevi\u00e8ve Laloy : Si la Terre"},"content":{"rendered":"<div class=\"twoclick_social_bookmarks_post_210 social_share_privacy clearfix 1.6.4 locale-fr_FR sprite-\"><\/div><div class=\"twoclick-js\"><script type=\"text\/javascript\">\/* <![CDATA[ *\/\njQuery(document).ready(function($){if($('.twoclick_social_bookmarks_post_210')){$('.twoclick_social_bookmarks_post_210').socialSharePrivacy({\"txt_help\":\"Wenn Sie diese Felder durch einen Klick aktivieren, werden Informationen an Facebook, Twitter, Flattr, Xing, t3n, LinkedIn, Pinterest oder Google eventuell ins Ausland \\u00fcbertragen und unter Umst\\u00e4nden auch dort gespeichert. N\\u00e4heres erfahren Sie durch einen Klick auf das <em>i<\\\/em>.\",\"settings_perma\":\"Dauerhaft aktivieren und Daten\\u00fcber-tragung zustimmen:\",\"info_link\":\"http:\\\/\\\/www.heise.de\\\/ct\\\/artikel\\\/2-Klicks-fuer-mehr-Datenschutz-1333879.html\",\"uri\":\"https:\\\/\\\/www.tintinnabule.fr\\\/wordpress\\\/?p=210\",\"post_id\":210,\"post_title_referrer_track\":\"Genevi%C3%A8ve+Laloy+%3A+Si+la+Terre\",\"display_infobox\":\"on\"});}});\n\/* ]]> *\/<\/script><\/div><p><a href=\"http:\/\/www.tintinnabule.fr\/wordpress\/wp-content\/uploads\/2014\/01\/2010.png\"><img loading=\"lazy\" decoding=\"async\" class=\"alignright size-full wp-image-112\" alt=\"2010\" src=\"http:\/\/www.tintinnabule.fr\/wordpress\/wp-content\/uploads\/2014\/01\/2010.png\" width=\"100\" height=\"100\" srcset=\"https:\/\/www.tintinnabule.fr\/wordpress\/wp-content\/uploads\/2014\/01\/2010.png 100w, https:\/\/www.tintinnabule.fr\/wordpress\/wp-content\/uploads\/2014\/01\/2010-48x48.png 48w\" sizes=\"auto, (max-width: 100px) 100vw, 100px\" \/><\/a><\/p>\n<h2 style=\"text-align: center;\">\u00ab Si la Terre \u00bb<\/h2>\n<h6 style=\"text-align: center;\"><i>Coup de c\u0153ur de l\u2019Acad\u00e9mie Charles Cros<\/i><i> \u2013 <\/i><i>Grand Prix MINO 2009<\/i><\/h6>\n<h4 style=\"text-align: center;\">\u00c0 partir de 6 ans<\/h4>\n<p align=\"JUSTIFY\">Fa\u00eetes vos valises : le spectacle \u00ab Si la terre\u2026 \u00bb, imagin\u00e9 par Genevi\u00e8ve Laloy, est un tour du monde.<\/p>\n<p align=\"JUSTIFY\">Dans ce monde l\u00e0, on a envie de fl\u00e2ner. De franchir des petits ponts d\u2019enfance, de serrer des mains de farfadets, d\u2019ouvrir les yeux sur d\u2019autres terres possibles. Curieux, on part le c\u0153ur l\u00e9ger, \u00e0 la rencontre de tous les petits peuples d\u2019ailleurs. A vrai dire, ceux que l\u2019on d\u00e9couvre sont comme vous et moi. Ils r\u00eavent et ils r\u00e2lent. Ils sont tristes ou press\u00e9s. Ils dansent. Tout leur est merveille, tourment, question. Des mots d\u2019entre la terre et le ciel. Des chansons ancr\u00e9es dans la vie quotidienne qui s\u2019\u00e9lancent, pourtant vers les \u00e9toiles\u2026<\/p>\n<p><a href=\"http:\/\/www.tintinnabule.fr\/wordpress\/wp-content\/uploads\/2014\/02\/laloy.jpg\"><img loading=\"lazy\" decoding=\"async\" class=\"aligncenter size-full wp-image-205\" alt=\"laloy\" src=\"http:\/\/www.tintinnabule.fr\/wordpress\/wp-content\/uploads\/2014\/02\/laloy.jpg\" width=\"200\" height=\"196\" srcset=\"https:\/\/www.tintinnabule.fr\/wordpress\/wp-content\/uploads\/2014\/02\/laloy.jpg 200w, https:\/\/www.tintinnabule.fr\/wordpress\/wp-content\/uploads\/2014\/02\/laloy-48x48.jpg 48w\" sizes=\"auto, (max-width: 200px) 100vw, 200px\" \/><\/a><\/p>\n<p align=\"RIGHT\"><b>Mardi 16 mars 2010 \u00e0 10h <\/b><\/p>\n<p align=\"RIGHT\"><b>77350 LE MEE-SUR-SEINE Le Mas<\/b><\/p>\n<p align=\"RIGHT\">800, avenue de l\u2019Europe<\/p>\n<p align=\"RIGHT\">T\u00e9l. 01 64 64 08 75<\/p>\n<p align=\"RIGHT\">Tarif : 4 \u20ac par \u00e9l\u00e8ve,<\/p>\n<p align=\"RIGHT\">gratuit pour les accompagnateurs<\/p>\n<p align=\"RIGHT\">(S\u00e9ances scolaires)<\/p>\n","protected":false},"excerpt":{"rendered":"<p>\u00ab Si la Terre \u00bb Coup de c\u0153ur de l\u2019Acad\u00e9mie Charles Cros \u2013 Grand Prix MINO 2009 \u00c0 partir de 6 ans Fa\u00eetes vos valises : le spectacle \u00ab Si la terre\u2026 \u00bb, imagin\u00e9 par Genevi\u00e8ve Laloy, est un tour du monde. Dans ce monde l\u00e0, on a envie de fl\u00e2ner. De franchir des petits [&hellip;]<\/p>\n","protected":false},"author":1,"featured_media":205,"comment_status":"open","ping_status":"open","sticky":false,"template":"","format":"standard","meta":{"footnotes":""},"categories":[2,32],"tags":[74,75],"class_list":["post-210","post","type-post","status-publish","format-standard","has-post-thumbnail","hentry","category-2","category-genevieve_laloy","tag-le-mas","tag-le-mee-sur-seine"],"_links":{"self":[{"href":"https:\/\/www.tintinnabule.fr\/wordpress\/index.php?rest_route=\/wp\/v2\/posts\/210","targetHints":{"allow":["GET"]}}],"collection":[{"href":"https:\/\/www.tintinnabule.fr\/wordpress\/index.php?rest_route=\/wp\/v2\/posts"}],"about":[{"href":"https:\/\/www.tintinnabule.fr\/wordpress\/index.php?rest_route=\/wp\/v2\/types\/post"}],"author":[{"embeddable":true,"href":"https:\/\/www.tintinnabule.fr\/wordpress\/index.php?rest_route=\/wp\/v2\/users\/1"}],"replies":[{"embeddable":true,"href":"https:\/\/www.tintinnabule.fr\/wordpress\/index.php?rest_route=%2Fwp%2Fv2%2Fcomments&post=210"}],"version-history":[{"count":1,"href":"https:\/\/www.tintinnabule.fr\/wordpress\/index.php?rest_route=\/wp\/v2\/posts\/210\/revisions"}],"predecessor-version":[{"id":211,"href":"https:\/\/www.tintinnabule.fr\/wordpress\/index.php?rest_route=\/wp\/v2\/posts\/210\/revisions\/211"}],"wp:featuredmedia":[{"embeddable":true,"href":"https:\/\/www.tintinnabule.fr\/wordpress\/index.php?rest_route=\/wp\/v2\/media\/205"}],"wp:attachment":[{"href":"https:\/\/www.tintinnabule.fr\/wordpress\/index.php?rest_route=%2Fwp%2Fv2%2Fmedia&parent=210"}],"wp:term":[{"taxonomy":"category","embeddable":true,"href":"https:\/\/www.tintinnabule.fr\/wordpress\/index.php?rest_route=%2Fwp%2Fv2%2Fcategories&post=210"},{"taxonomy":"post_tag","embeddable":true,"href":"https:\/\/www.tintinnabule.fr\/wordpress\/index.php?rest_route=%2Fwp%2Fv2%2Ftags&post=210"}],"curies":[{"name":"wp","href":"https:\/\/api.w.org\/{rel}","templated":true}]}}