{"id":278,"date":"2014-02-05T11:32:43","date_gmt":"2014-02-05T10:32:43","guid":{"rendered":"http:\/\/www.tintinnabule.fr\/wordpress\/?p=278"},"modified":"2014-02-05T11:35:22","modified_gmt":"2014-02-05T10:35:22","slug":"patrice-kalla-contes-et-soul","status":"publish","type":"post","link":"https:\/\/www.tintinnabule.fr\/wordpress\/?p=278","title":{"rendered":"Patrice Kalla : Contes et soul"},"content":{"rendered":"<div class=\"twoclick_social_bookmarks_post_278 social_share_privacy clearfix 1.6.4 locale-fr_FR sprite-\"><\/div><div class=\"twoclick-js\"><script type=\"text\/javascript\">\/* <![CDATA[ *\/\njQuery(document).ready(function($){if($('.twoclick_social_bookmarks_post_278')){$('.twoclick_social_bookmarks_post_278').socialSharePrivacy({\"txt_help\":\"Wenn Sie diese Felder durch einen Klick aktivieren, werden Informationen an Facebook, Twitter, Flattr, Xing, t3n, LinkedIn, Pinterest oder Google eventuell ins Ausland \\u00fcbertragen und unter Umst\\u00e4nden auch dort gespeichert. N\\u00e4heres erfahren Sie durch einen Klick auf das <em>i<\\\/em>.\",\"settings_perma\":\"Dauerhaft aktivieren und Daten\\u00fcber-tragung zustimmen:\",\"info_link\":\"http:\\\/\\\/www.heise.de\\\/ct\\\/artikel\\\/2-Klicks-fuer-mehr-Datenschutz-1333879.html\",\"uri\":\"https:\\\/\\\/www.tintinnabule.fr\\\/wordpress\\\/?p=278\",\"post_id\":278,\"post_title_referrer_track\":\"Patrice+Kalla+%3A+Contes+et+soul\",\"display_infobox\":\"on\"});}});\n\/* ]]> *\/<\/script><\/div><h2><img loading=\"lazy\" decoding=\"async\" class=\"alignright size-full wp-image-114\" alt=\"2012\" src=\"http:\/\/www.tintinnabule.fr\/wordpress\/wp-content\/uploads\/2014\/01\/2012.png\" width=\"100\" height=\"100\" srcset=\"https:\/\/www.tintinnabule.fr\/wordpress\/wp-content\/uploads\/2014\/01\/2012.png 100w, https:\/\/www.tintinnabule.fr\/wordpress\/wp-content\/uploads\/2014\/01\/2012-48x48.png 48w\" sizes=\"auto, (max-width: 100px) 100vw, 100px\" \/><\/h2>\n<h2 style=\"text-align: center;\">\u00ab Conte et soul \u00bb<\/h2>\n<h4 style=\"text-align: center;\">\u00c0 partir de 7 ans &#8211; 50 min<\/h4>\n<p>Dans Conte et Soul, il y a une \u00e2me, celle du grand-p\u00e8re qui regarde dans le<br \/>\nsilence du monde mais aussi l\u2019esprit de toute une \u00e9quipe o\u00f9 chacun fait<br \/>\nentendre sa voix dans un partage d\u2019influences, une f\u00eate o\u00f9 le son se fond<br \/>\n\u00e0 merveille dans l\u2019histoire.<br \/>\nC\u2019est du conte, parce que la parole y est l\u2019acte essentiel, mais c\u2019est aussi<br \/>\nune nouvelle forme n\u00e9e d\u2019un \u00e9quilibre tr\u00e8s subtil entre mots et musique,<br \/>\nentre rythme et silence, culture traditionnelle sous un d\u00e9cor<br \/>\ncontemporain.<br \/>\nC\u2019est du chant, du conte, du rap, du jazz, du funk&#8230; avec en plus, l\u2019\u00e2me des<br \/>\nanc\u00eatres et le bruissement si doux du monde d\u2019ici et de l\u00e0-bas.<br \/>\nPatrice Kalla aime assaisonner ses histoires \u00e0 la sauce urbaine. Slameur,<br \/>\nchanteur, raconteur, joueur, sourieur, griot urbain ou rappeur de<br \/>\nl\u00e9gendes, mais comment le pr\u00e9senter ? Peu importe ! Son \u00e9nergie<br \/>\ntellement sympathique emporte tout et tous.<\/p>\n<p><a href=\"http:\/\/www.tintinnabule.fr\/wordpress\/wp-content\/uploads\/2014\/02\/patrice-kalla.jpg\"><img loading=\"lazy\" decoding=\"async\" class=\"aligncenter size-medium wp-image-279\" alt=\"patrice-kalla\" src=\"http:\/\/www.tintinnabule.fr\/wordpress\/wp-content\/uploads\/2014\/02\/patrice-kalla-300x300.jpg\" width=\"300\" height=\"300\" srcset=\"https:\/\/www.tintinnabule.fr\/wordpress\/wp-content\/uploads\/2014\/02\/patrice-kalla-300x300.jpg 300w, https:\/\/www.tintinnabule.fr\/wordpress\/wp-content\/uploads\/2014\/02\/patrice-kalla-150x150.jpg 150w, https:\/\/www.tintinnabule.fr\/wordpress\/wp-content\/uploads\/2014\/02\/patrice-kalla-250x250.jpg 250w, https:\/\/www.tintinnabule.fr\/wordpress\/wp-content\/uploads\/2014\/02\/patrice-kalla-48x48.jpg 48w, https:\/\/www.tintinnabule.fr\/wordpress\/wp-content\/uploads\/2014\/02\/patrice-kalla.jpg 315w\" sizes=\"auto, (max-width: 300px) 100vw, 300px\" \/><\/a><\/p>\n<p><a href=\"http:\/\/pat-kalla.com\/\" target=\"_blank\"><img loading=\"lazy\" decoding=\"async\" class=\"aligncenter size-full wp-image-155\" alt=\"internet\" src=\"http:\/\/www.tintinnabule.fr\/wordpress\/wp-content\/uploads\/2014\/02\/internet.png\" width=\"75\" height=\"75\" srcset=\"https:\/\/www.tintinnabule.fr\/wordpress\/wp-content\/uploads\/2014\/02\/internet.png 75w, https:\/\/www.tintinnabule.fr\/wordpress\/wp-content\/uploads\/2014\/02\/internet-48x48.png 48w\" sizes=\"auto, (max-width: 75px) 100vw, 75px\" \/><\/a><\/p>\n<p style=\"text-align: right;\"><b>Dimanche 18 mars 2012 \u00e0 16h00<\/b><\/p>\n<p style=\"text-align: right;\"><b>77380 COMBS LA VILLE<\/b><b> &#8211; MJC l&#8217;oreille cass\u00e9e<br \/>\n<\/b><\/p>\n<p style=\"text-align: right;\">1 place Andr\u00e9 Jarlan<\/p>\n<p style=\"text-align: right;\">T\u00e9l. 01 60 60 76 98<\/p>\n<p style=\"text-align: right;\">Tarif : \u20ac<\/p>\n<p><iframe loading=\"lazy\" src=\"\/\/www.youtube.com\/embed\/UTRqvwspQd0\" height=\"315\" width=\"560\" allowfullscreen=\"\" frameborder=\"0\"><\/iframe><\/p>\n","protected":false},"excerpt":{"rendered":"<p>\u00ab Conte et soul \u00bb \u00c0 partir de 7 ans &#8211; 50 min Dans Conte et Soul, il y a une \u00e2me, celle du grand-p\u00e8re qui regarde dans le silence du monde mais aussi l\u2019esprit de toute une \u00e9quipe o\u00f9 chacun fait entendre sa voix dans un partage d\u2019influences, une f\u00eate o\u00f9 le son se [&hellip;]<\/p>\n","protected":false},"author":1,"featured_media":279,"comment_status":"open","ping_status":"open","sticky":false,"template":"","format":"standard","meta":{"footnotes":""},"categories":[4,49],"tags":[12,83],"class_list":["post-278","post","type-post","status-publish","format-standard","has-post-thumbnail","hentry","category-4","category-patrice_kalla","tag-combs-la-ville","tag-mjc"],"_links":{"self":[{"href":"https:\/\/www.tintinnabule.fr\/wordpress\/index.php?rest_route=\/wp\/v2\/posts\/278","targetHints":{"allow":["GET"]}}],"collection":[{"href":"https:\/\/www.tintinnabule.fr\/wordpress\/index.php?rest_route=\/wp\/v2\/posts"}],"about":[{"href":"https:\/\/www.tintinnabule.fr\/wordpress\/index.php?rest_route=\/wp\/v2\/types\/post"}],"author":[{"embeddable":true,"href":"https:\/\/www.tintinnabule.fr\/wordpress\/index.php?rest_route=\/wp\/v2\/users\/1"}],"replies":[{"embeddable":true,"href":"https:\/\/www.tintinnabule.fr\/wordpress\/index.php?rest_route=%2Fwp%2Fv2%2Fcomments&post=278"}],"version-history":[{"count":2,"href":"https:\/\/www.tintinnabule.fr\/wordpress\/index.php?rest_route=\/wp\/v2\/posts\/278\/revisions"}],"predecessor-version":[{"id":281,"href":"https:\/\/www.tintinnabule.fr\/wordpress\/index.php?rest_route=\/wp\/v2\/posts\/278\/revisions\/281"}],"wp:featuredmedia":[{"embeddable":true,"href":"https:\/\/www.tintinnabule.fr\/wordpress\/index.php?rest_route=\/wp\/v2\/media\/279"}],"wp:attachment":[{"href":"https:\/\/www.tintinnabule.fr\/wordpress\/index.php?rest_route=%2Fwp%2Fv2%2Fmedia&parent=278"}],"wp:term":[{"taxonomy":"category","embeddable":true,"href":"https:\/\/www.tintinnabule.fr\/wordpress\/index.php?rest_route=%2Fwp%2Fv2%2Fcategories&post=278"},{"taxonomy":"post_tag","embeddable":true,"href":"https:\/\/www.tintinnabule.fr\/wordpress\/index.php?rest_route=%2Fwp%2Fv2%2Ftags&post=278"}],"curies":[{"name":"wp","href":"https:\/\/api.w.org\/{rel}","templated":true}]}}