{"id":524,"date":"2015-02-10T12:51:32","date_gmt":"2015-02-10T11:51:32","guid":{"rendered":"http:\/\/www.tintinnabule.fr\/wordpress\/?p=524"},"modified":"2015-03-18T18:16:50","modified_gmt":"2015-03-18T17:16:50","slug":"genevieve-laloy-entre-terre-et-ciel","status":"publish","type":"post","link":"https:\/\/www.tintinnabule.fr\/wordpress\/?p=524","title":{"rendered":"Genevi\u00e8ve Laloy : Entre terre et ciel"},"content":{"rendered":"<div class=\"twoclick_social_bookmarks_post_524 social_share_privacy clearfix 1.6.4 locale-fr_FR sprite-\"><\/div><div class=\"twoclick-js\"><script type=\"text\/javascript\">\/* <![CDATA[ *\/\njQuery(document).ready(function($){if($('.twoclick_social_bookmarks_post_524')){$('.twoclick_social_bookmarks_post_524').socialSharePrivacy({\"txt_help\":\"Wenn Sie diese Felder durch einen Klick aktivieren, werden Informationen an Facebook, Twitter, Flattr, Xing, t3n, LinkedIn, Pinterest oder Google eventuell ins Ausland \\u00fcbertragen und unter Umst\\u00e4nden auch dort gespeichert. N\\u00e4heres erfahren Sie durch einen Klick auf das <em>i<\\\/em>.\",\"settings_perma\":\"Dauerhaft aktivieren und Daten\\u00fcber-tragung zustimmen:\",\"info_link\":\"http:\\\/\\\/www.heise.de\\\/ct\\\/artikel\\\/2-Klicks-fuer-mehr-Datenschutz-1333879.html\",\"uri\":\"https:\\\/\\\/www.tintinnabule.fr\\\/wordpress\\\/?p=524\",\"post_id\":524,\"post_title_referrer_track\":\"Genevi%C3%A8ve+Laloy+%3A+Entre+terre+et+ciel\",\"display_infobox\":\"on\"});}});\n\/* ]]> *\/<\/script><\/div><p><a href=\"http:\/\/www.tintinnabule.fr\/wordpress\/wp-content\/uploads\/2015\/02\/2015.png\"><img loading=\"lazy\" decoding=\"async\" class=\" wp-image-502 size-full alignright\" src=\"http:\/\/www.tintinnabule.fr\/wordpress\/wp-content\/uploads\/2015\/02\/2015.png\" alt=\"\" width=\"150\" height=\"150\" srcset=\"https:\/\/www.tintinnabule.fr\/wordpress\/wp-content\/uploads\/2015\/02\/2015.png 150w, https:\/\/www.tintinnabule.fr\/wordpress\/wp-content\/uploads\/2015\/02\/2015-48x48.png 48w\" sizes=\"auto, (max-width: 150px) 100vw, 150px\" \/><\/a><\/p>\n<h2 style=\"text-align: center;\">\u00abEntre terre et ciel \u00bb<\/h2>\n<h6 style=\"text-align: center;\"><i>Coup de c\u0153ur de l\u2019Acad\u00e9mie Charles Cros 2009 et 2012<\/i><i> \u2013 <\/i><i>Grand Prix MINO Adami 2009<\/i><\/h6>\n<h4 style=\"text-align: center;\">\u00c0 partir de 3 ans &#8211; 55 min<\/h4>\n<p align=\"JUSTIFY\">Genevi\u00e8ve Laloy revisite son r\u00e9pertoire en interpr\u00e9tant les chansons issues des trois spectacles\/CD \u00ab\u00a0Si la terre&#8230;\u00a0\u00bb, \u00ab\u00a0Hirondelles\u00a0\u00bb et \u00ab\u00a0Bleue\u00a0\u00bb comme \u00ab\u00a0Sors de l\u00e0, gredin\u00a0\u00bb, \u00ab\u00a0Cachez-vous, je suis le loup\u00a0\u00bb, \u00ab\u00a0Par del\u00e0 les pr\u00e9s\u00a0\u00bb ou \u00ab\u00a0P\u00f4le Nord\u00a0\u00bb&#8230;<br \/>\nEn d\u00e9barquant sur la plan\u00e8te de la chanteuse Genevi\u00e8ve Laloy, on se sent bien, d\u2019embl\u00e9e. Dans ce monde-l\u00e0, on a envie de fl\u00e2ner, de franchir des petits ponts d\u2019enfance, de serrer des mains de farfadets, d\u2019ouvrir les yeux sur d\u2019autres mondes possibles\u2026 entre ciel et terre.<br \/>\nUne formule \u00ab\u00a0concert\u00a0\u00bb \u00e9nergique qui comblera tant les plus jeunes (\u00e0 partir de 4 ans) que les adultes.<\/p>\n<p><img decoding=\"async\" class=\" aligncenter\" src=\"http:\/\/www.genevievelaloy.be\/IMG\/jpg\/11.jpg\" alt=\"\" \/><br \/>\n<a href=\"http:\/\/www.genevievelaloy.be\" target=\"_blank\"><img loading=\"lazy\" decoding=\"async\" class=\"aligncenter\" src=\"http:\/\/www.tintinnabule.fr\/wordpress\/wp-content\/uploads\/2014\/02\/internet.png\" alt=\"internet\" width=\"75\" height=\"75\" \/><\/a><\/p>\n<p align=\"RIGHT\"><b>Mercredi 8 avril 2015 \u00e0 14h15<\/b><\/p>\n<p align=\"RIGHT\"><b>Salle Andr\u00e9 Malraux \u2013 77380 Combs-la-Ville<\/b><\/p>\n<p align=\"RIGHT\">Prix : 6 \u20ac (tarif unique) &#8211; 5 \u20ac (collectivit\u00e9s)<\/p>\n<p align=\"RIGHT\">Renseignements au 01.60.60.13.82<\/p>\n<p align=\"RIGHT\">\n","protected":false},"excerpt":{"rendered":"<p>\u00abEntre terre et ciel \u00bb Coup de c\u0153ur de l\u2019Acad\u00e9mie Charles Cros 2009 et 2012 \u2013 Grand Prix MINO Adami 2009 \u00c0 partir de 3 ans &#8211; 55 min Genevi\u00e8ve Laloy revisite son r\u00e9pertoire en interpr\u00e9tant les chansons issues des trois spectacles\/CD \u00ab\u00a0Si la terre&#8230;\u00a0\u00bb, \u00ab\u00a0Hirondelles\u00a0\u00bb et \u00ab\u00a0Bleue\u00a0\u00bb comme \u00ab\u00a0Sors de l\u00e0, gredin\u00a0\u00bb, \u00ab\u00a0Cachez-vous, je [&hellip;]<\/p>\n","protected":false},"author":1,"featured_media":526,"comment_status":"open","ping_status":"open","sticky":false,"template":"","format":"standard","meta":{"footnotes":""},"categories":[94,95,32],"tags":[8,9],"class_list":["post-524","post","type-post","status-publish","format-standard","has-post-thumbnail","hentry","category-94","category-artistes-en-2015","category-genevieve_laloy","tag-combs","tag-malraux"],"_links":{"self":[{"href":"https:\/\/www.tintinnabule.fr\/wordpress\/index.php?rest_route=\/wp\/v2\/posts\/524","targetHints":{"allow":["GET"]}}],"collection":[{"href":"https:\/\/www.tintinnabule.fr\/wordpress\/index.php?rest_route=\/wp\/v2\/posts"}],"about":[{"href":"https:\/\/www.tintinnabule.fr\/wordpress\/index.php?rest_route=\/wp\/v2\/types\/post"}],"author":[{"embeddable":true,"href":"https:\/\/www.tintinnabule.fr\/wordpress\/index.php?rest_route=\/wp\/v2\/users\/1"}],"replies":[{"embeddable":true,"href":"https:\/\/www.tintinnabule.fr\/wordpress\/index.php?rest_route=%2Fwp%2Fv2%2Fcomments&post=524"}],"version-history":[{"count":3,"href":"https:\/\/www.tintinnabule.fr\/wordpress\/index.php?rest_route=\/wp\/v2\/posts\/524\/revisions"}],"predecessor-version":[{"id":602,"href":"https:\/\/www.tintinnabule.fr\/wordpress\/index.php?rest_route=\/wp\/v2\/posts\/524\/revisions\/602"}],"wp:featuredmedia":[{"embeddable":true,"href":"https:\/\/www.tintinnabule.fr\/wordpress\/index.php?rest_route=\/wp\/v2\/media\/526"}],"wp:attachment":[{"href":"https:\/\/www.tintinnabule.fr\/wordpress\/index.php?rest_route=%2Fwp%2Fv2%2Fmedia&parent=524"}],"wp:term":[{"taxonomy":"category","embeddable":true,"href":"https:\/\/www.tintinnabule.fr\/wordpress\/index.php?rest_route=%2Fwp%2Fv2%2Fcategories&post=524"},{"taxonomy":"post_tag","embeddable":true,"href":"https:\/\/www.tintinnabule.fr\/wordpress\/index.php?rest_route=%2Fwp%2Fv2%2Ftags&post=524"}],"curies":[{"name":"wp","href":"https:\/\/api.w.org\/{rel}","templated":true}]}}