{"id":528,"date":"2015-02-10T12:59:09","date_gmt":"2015-02-10T11:59:09","guid":{"rendered":"http:\/\/www.tintinnabule.fr\/wordpress\/?p=528"},"modified":"2015-03-18T18:27:41","modified_gmt":"2015-03-18T17:27:41","slug":"genevieve-laloy-bleue","status":"publish","type":"post","link":"https:\/\/www.tintinnabule.fr\/wordpress\/?p=528","title":{"rendered":"Genevi\u00e8ve Laloy : Bleue"},"content":{"rendered":"<div class=\"twoclick_social_bookmarks_post_528 social_share_privacy clearfix 1.6.4 locale-fr_FR sprite-\"><\/div><div class=\"twoclick-js\"><script type=\"text\/javascript\">\/* <![CDATA[ *\/\njQuery(document).ready(function($){if($('.twoclick_social_bookmarks_post_528')){$('.twoclick_social_bookmarks_post_528').socialSharePrivacy({\"txt_help\":\"Wenn Sie diese Felder durch einen Klick aktivieren, werden Informationen an Facebook, Twitter, Flattr, Xing, t3n, LinkedIn, Pinterest oder Google eventuell ins Ausland \\u00fcbertragen und unter Umst\\u00e4nden auch dort gespeichert. N\\u00e4heres erfahren Sie durch einen Klick auf das <em>i<\\\/em>.\",\"settings_perma\":\"Dauerhaft aktivieren und Daten\\u00fcber-tragung zustimmen:\",\"info_link\":\"http:\\\/\\\/www.heise.de\\\/ct\\\/artikel\\\/2-Klicks-fuer-mehr-Datenschutz-1333879.html\",\"uri\":\"https:\\\/\\\/www.tintinnabule.fr\\\/wordpress\\\/?p=528\",\"post_id\":528,\"post_title_referrer_track\":\"Genevi%C3%A8ve+Laloy+%3A+Bleue\",\"display_infobox\":\"on\"});}});\n\/* ]]> *\/<\/script><\/div><p><a href=\"http:\/\/www.tintinnabule.fr\/wordpress\/wp-content\/uploads\/2015\/02\/2015.png\"><img loading=\"lazy\" decoding=\"async\" class=\" wp-image-502 size-full alignright\" src=\"http:\/\/www.tintinnabule.fr\/wordpress\/wp-content\/uploads\/2015\/02\/2015.png\" alt=\"\" width=\"150\" height=\"150\" srcset=\"https:\/\/www.tintinnabule.fr\/wordpress\/wp-content\/uploads\/2015\/02\/2015.png 150w, https:\/\/www.tintinnabule.fr\/wordpress\/wp-content\/uploads\/2015\/02\/2015-48x48.png 48w\" sizes=\"auto, (max-width: 150px) 100vw, 150px\" \/><\/a><\/p>\n<h2 style=\"text-align: center;\">\u00ab Bleue \u00bb<\/h2>\n<h6 style=\"text-align: center;\"><i>Coup de c\u0153ur de l\u2019Acad\u00e9mie Charles Cros 2009 et 2012<\/i><i> \u2013 <\/i><i>Grand Prix MINO Adami 2009<\/i><\/h6>\n<h4 style=\"text-align: center;\">\u00c0 partir de 5 ans &#8211; 60 min<\/h4>\n<p align=\"JUSTIFY\">Avec BLEUE, \u00a0Genevi\u00e8ve Laloy se balade au fil de l\u2019eau, \u00a0elle s\u2019y jette, \u00a0s\u2019y mouille.<br \/>\nSa voix claire et ensoleill\u00e9e nous emporte dans un tourbillon de chansons truff\u00e9es de r\u00eaves, \u00a0et d\u2019aventures. Elle danse sous la pluie et les orages, \u00a0nous \u00e9clabousse en compagnie de pirates sillonneurs d\u2019oc\u00e9ans, \u00a0et chante les larmes, \u00a0les pluies d\u2019\u00e9toiles.<br \/>\nSes compositions originales m\u00ealent folk, \u00a0jazz et musiques du monde. , Genevi\u00e8ve Laloy nous offre, \u00a0en compagnie de quatre solides musiciens et de leurs multiples instruments, \u00a0un concert f\u00e9\u00e9rique, \u00a0haut en couleurs!<\/p>\n<p><img decoding=\"async\" class=\" aligncenter\" src=\"http:\/\/www.genevievelaloy.be\/IMG\/jpg\/11.jpg\" alt=\"\" \/><br \/>\n<a href=\"http:\/\/www.genevievelaloy.be\" target=\"_blank\"><img loading=\"lazy\" decoding=\"async\" class=\"aligncenter\" src=\"http:\/\/www.tintinnabule.fr\/wordpress\/wp-content\/uploads\/2014\/02\/internet.png\" alt=\"internet\" width=\"75\" height=\"75\" \/><\/a><\/p>\n<p align=\"RIGHT\"><b>Vendredi 10 avril 2015 \u00e0 20h30<\/b><\/p>\n<p align=\"RIGHT\"><b>Salle Andr\u00e9 Malraux \u2013 77380 Combs-la-Ville<\/b><\/p>\n<p align=\"RIGHT\">Prix : 6 \u20ac (tarif unique)<\/p>\n<p align=\"RIGHT\">Renseignements au 01.60.60.13.82<\/p>\n<p><iframe loading=\"lazy\" src=\"http:\/\/www.deezer.com\/plugins\/player?autoplay=false&amp;playlist=true&amp;width=700&amp;height=240&amp;cover=true&amp;type=album&amp;id=7105790&amp;title=&amp;app_id=undefined\" width=\"700\" height=\"240\" frameborder=\"0\" scrolling=\"no\"><\/iframe><\/p>\n","protected":false},"excerpt":{"rendered":"<p>\u00ab Bleue \u00bb Coup de c\u0153ur de l\u2019Acad\u00e9mie Charles Cros 2009 et 2012 \u2013 Grand Prix MINO Adami 2009 \u00c0 partir de 5 ans &#8211; 60 min Avec BLEUE, \u00a0Genevi\u00e8ve Laloy se balade au fil de l\u2019eau, \u00a0elle s\u2019y jette, \u00a0s\u2019y mouille. Sa voix claire et ensoleill\u00e9e nous emporte dans un tourbillon de chansons truff\u00e9es [&hellip;]<\/p>\n","protected":false},"author":1,"featured_media":526,"comment_status":"open","ping_status":"open","sticky":false,"template":"","format":"standard","meta":{"footnotes":""},"categories":[94,95,32],"tags":[8,9],"class_list":["post-528","post","type-post","status-publish","format-standard","has-post-thumbnail","hentry","category-94","category-artistes-en-2015","category-genevieve_laloy","tag-combs","tag-malraux"],"_links":{"self":[{"href":"https:\/\/www.tintinnabule.fr\/wordpress\/index.php?rest_route=\/wp\/v2\/posts\/528","targetHints":{"allow":["GET"]}}],"collection":[{"href":"https:\/\/www.tintinnabule.fr\/wordpress\/index.php?rest_route=\/wp\/v2\/posts"}],"about":[{"href":"https:\/\/www.tintinnabule.fr\/wordpress\/index.php?rest_route=\/wp\/v2\/types\/post"}],"author":[{"embeddable":true,"href":"https:\/\/www.tintinnabule.fr\/wordpress\/index.php?rest_route=\/wp\/v2\/users\/1"}],"replies":[{"embeddable":true,"href":"https:\/\/www.tintinnabule.fr\/wordpress\/index.php?rest_route=%2Fwp%2Fv2%2Fcomments&post=528"}],"version-history":[{"count":2,"href":"https:\/\/www.tintinnabule.fr\/wordpress\/index.php?rest_route=\/wp\/v2\/posts\/528\/revisions"}],"predecessor-version":[{"id":603,"href":"https:\/\/www.tintinnabule.fr\/wordpress\/index.php?rest_route=\/wp\/v2\/posts\/528\/revisions\/603"}],"wp:featuredmedia":[{"embeddable":true,"href":"https:\/\/www.tintinnabule.fr\/wordpress\/index.php?rest_route=\/wp\/v2\/media\/526"}],"wp:attachment":[{"href":"https:\/\/www.tintinnabule.fr\/wordpress\/index.php?rest_route=%2Fwp%2Fv2%2Fmedia&parent=528"}],"wp:term":[{"taxonomy":"category","embeddable":true,"href":"https:\/\/www.tintinnabule.fr\/wordpress\/index.php?rest_route=%2Fwp%2Fv2%2Fcategories&post=528"},{"taxonomy":"post_tag","embeddable":true,"href":"https:\/\/www.tintinnabule.fr\/wordpress\/index.php?rest_route=%2Fwp%2Fv2%2Ftags&post=528"}],"curies":[{"name":"wp","href":"https:\/\/api.w.org\/{rel}","templated":true}]}}