{"id":663,"date":"2016-02-06T23:30:23","date_gmt":"2016-02-06T22:30:23","guid":{"rendered":"http:\/\/www.tintinnabule.fr\/wordpress\/?p=663"},"modified":"2016-03-02T19:43:49","modified_gmt":"2016-03-02T18:43:49","slug":"genevieve-laloy-entre-ciel-et-terre","status":"publish","type":"post","link":"https:\/\/www.tintinnabule.fr\/wordpress\/?p=663","title":{"rendered":"Genevi\u00e8ve Laloy : Entre ciel et terre"},"content":{"rendered":"<div class=\"twoclick_social_bookmarks_post_663 social_share_privacy clearfix 1.6.4 locale-fr_FR sprite-\"><\/div><div class=\"twoclick-js\"><script type=\"text\/javascript\">\/* <![CDATA[ *\/\njQuery(document).ready(function($){if($('.twoclick_social_bookmarks_post_663')){$('.twoclick_social_bookmarks_post_663').socialSharePrivacy({\"txt_help\":\"Wenn Sie diese Felder durch einen Klick aktivieren, werden Informationen an Facebook, Twitter, Flattr, Xing, t3n, LinkedIn, Pinterest oder Google eventuell ins Ausland \\u00fcbertragen und unter Umst\\u00e4nden auch dort gespeichert. N\\u00e4heres erfahren Sie durch einen Klick auf das <em>i<\\\/em>.\",\"settings_perma\":\"Dauerhaft aktivieren und Daten\\u00fcber-tragung zustimmen:\",\"info_link\":\"http:\\\/\\\/www.heise.de\\\/ct\\\/artikel\\\/2-Klicks-fuer-mehr-Datenschutz-1333879.html\",\"uri\":\"https:\\\/\\\/www.tintinnabule.fr\\\/wordpress\\\/?p=663\",\"post_id\":663,\"post_title_referrer_track\":\"Genevi%C3%A8ve+Laloy+%3A+Entre+ciel+et+terre\",\"display_infobox\":\"on\"});}});\n\/* ]]> *\/<\/script><\/div><p><img loading=\"lazy\" decoding=\"async\" class=\"size-full wp-image-664 alignright\" src=\"http:\/\/www.tintinnabule.fr\/wordpress\/wp-content\/uploads\/2016\/02\/2016.png\" alt=\"2016\" width=\"150\" height=\"143\" \/><\/p>\n<h2 style=\"text-align: center;\">\u00abEntre terre et ciel \u00bb<\/h2>\n<h6 style=\"text-align: center;\"><i>Coup de c\u0153ur de l\u2019Acad\u00e9mie Charles Cros 2009 et 2012<\/i><i> \u2013 <\/i><i>Grand Prix MINO Adami 2009<\/i><\/h6>\n<h1 style=\"text-align: center;\"><span style=\"color: #993300;\">SPECTACLE ANNUL\u00c9<\/span><\/h1>\n<p class=\"western\" style=\"text-align: justify;\" align=\"center\"><span style=\"font-family: Calibri,sans-serif;\"><span style=\"font-size: small;\"><b>Ce<\/b> spectacle fera suite \u00e0 un cycle de formation de 4 jours aupr\u00e8s des acteurs \u00e9ducatifs du d\u00e9partement. Les stagiaires, pour l\u2019occasion, partageront avec le public les chansons \u00e9crites lors d\u2019ateliers d\u2019\u00e9criture, anim\u00e9s par Genevi\u00e8ve Laloy. Ils se retrouveront sur sc\u00e8ne accompagn\u00e9s de musiciens. Genevi\u00e8ve Laloy, quant \u00e0 elle, nous interpr\u00e9tera \u00e9galement quelques unes de ses chansons. Les stagiaires seront les v\u00e9ritables acteurs de cette aventure musicale.<\/span><\/span><\/p>\n<p class=\"western\" style=\"text-align: justify;\" align=\"center\"><span style=\"font-family: Calibri,sans-serif;\"><span style=\"font-size: small;\">Un spectacle unique, un moment de rencontres, un regard pos\u00e9 sur le monde dans toute sa diversit\u00e9.<\/span><\/span><\/p>\n<p align=\"JUSTIFY\">En partenariat avec la DDCS 77.<\/p>\n<p><img decoding=\"async\" class=\" aligncenter\" src=\"http:\/\/www.genevievelaloy.be\/IMG\/jpg\/11.jpg\" alt=\"\" \/><br \/>\n<a href=\"http:\/\/www.genevievelaloy.be\" target=\"_blank\"><img loading=\"lazy\" decoding=\"async\" class=\"aligncenter\" src=\"http:\/\/www.tintinnabule.fr\/wordpress\/wp-content\/uploads\/2014\/02\/internet.png\" alt=\"internet\" width=\"75\" height=\"75\" \/><\/a><\/p>\n<p style=\"text-align: right;\">Spectacle annul\u00e9<\/p>\n<p align=\"RIGHT\">\n","protected":false},"excerpt":{"rendered":"<p>\u00abEntre terre et ciel \u00bb Coup de c\u0153ur de l\u2019Acad\u00e9mie Charles Cros 2009 et 2012 \u2013 Grand Prix MINO Adami 2009 SPECTACLE ANNUL\u00c9 Ce spectacle fera suite \u00e0 un cycle de formation de 4 jours aupr\u00e8s des acteurs \u00e9ducatifs du d\u00e9partement. Les stagiaires, pour l\u2019occasion, partageront avec le public les chansons \u00e9crites lors d\u2019ateliers d\u2019\u00e9criture, [&hellip;]<\/p>\n","protected":false},"author":1,"featured_media":205,"comment_status":"open","ping_status":"open","sticky":false,"template":"","format":"standard","meta":{"footnotes":""},"categories":[99,100,32],"tags":[96],"class_list":["post-663","post","type-post","status-publish","format-standard","has-post-thumbnail","hentry","category-99","category-artistes-en-2016","category-genevieve_laloy","tag-coubert"],"_links":{"self":[{"href":"https:\/\/www.tintinnabule.fr\/wordpress\/index.php?rest_route=\/wp\/v2\/posts\/663","targetHints":{"allow":["GET"]}}],"collection":[{"href":"https:\/\/www.tintinnabule.fr\/wordpress\/index.php?rest_route=\/wp\/v2\/posts"}],"about":[{"href":"https:\/\/www.tintinnabule.fr\/wordpress\/index.php?rest_route=\/wp\/v2\/types\/post"}],"author":[{"embeddable":true,"href":"https:\/\/www.tintinnabule.fr\/wordpress\/index.php?rest_route=\/wp\/v2\/users\/1"}],"replies":[{"embeddable":true,"href":"https:\/\/www.tintinnabule.fr\/wordpress\/index.php?rest_route=%2Fwp%2Fv2%2Fcomments&post=663"}],"version-history":[{"count":5,"href":"https:\/\/www.tintinnabule.fr\/wordpress\/index.php?rest_route=\/wp\/v2\/posts\/663\/revisions"}],"predecessor-version":[{"id":725,"href":"https:\/\/www.tintinnabule.fr\/wordpress\/index.php?rest_route=\/wp\/v2\/posts\/663\/revisions\/725"}],"wp:featuredmedia":[{"embeddable":true,"href":"https:\/\/www.tintinnabule.fr\/wordpress\/index.php?rest_route=\/wp\/v2\/media\/205"}],"wp:attachment":[{"href":"https:\/\/www.tintinnabule.fr\/wordpress\/index.php?rest_route=%2Fwp%2Fv2%2Fmedia&parent=663"}],"wp:term":[{"taxonomy":"category","embeddable":true,"href":"https:\/\/www.tintinnabule.fr\/wordpress\/index.php?rest_route=%2Fwp%2Fv2%2Fcategories&post=663"},{"taxonomy":"post_tag","embeddable":true,"href":"https:\/\/www.tintinnabule.fr\/wordpress\/index.php?rest_route=%2Fwp%2Fv2%2Ftags&post=663"}],"curies":[{"name":"wp","href":"https:\/\/api.w.org\/{rel}","templated":true}]}}